{"id":2408,"date":"2026-03-09T17:49:25","date_gmt":"2026-03-09T17:49:25","guid":{"rendered":"https:\/\/www.empremedia.pt\/?p=2408"},"modified":"2026-03-09T17:49:25","modified_gmt":"2026-03-09T17:49:25","slug":"informacao-2-2-2-2-2-2-2-2-2-2-2-2-2","status":"publish","type":"post","link":"https:\/\/www.empremedia.pt\/?p=2408","title":{"rendered":"Nota de pesar pelo falecimento de Ot\u00edlia Gouveia"},"content":{"rendered":"<div class=\"fusion-fullwidth fullwidth-box nonhundred-percent-fullwidth non-hundred-percent-height-scrolling\"  style='background-color: rgba(255,255,255,0);background-position: center center;background-repeat: no-repeat;padding-top:0px;padding-right:0px;padding-bottom:0px;padding-left:0px;'><div class=\"fusion-builder-row fusion-row \"><div  class=\"fusion-layout-column fusion_builder_column fusion_builder_column_1_1  fusion-one-full fusion-column-first fusion-column-last 1_1\"  style='margin-top:0px;margin-bottom:0px;'>\n\t\t\t\t\t<div class=\"fusion-column-wrapper\" style=\"padding: 0px 0px 0px 0px;background-position:left top;background-repeat:no-repeat;-webkit-background-size:cover;-moz-background-size:cover;-o-background-size:cover;background-size:cover;\"  data-bg-url=\"\">\n\t\t\t\t\t\t<div class=\"fusion-column-content-centered\"><div class=\"fusion-column-content\"><div class=\"fusion-text\"><p><img loading=\"lazy\" class=\"wp-image-2409 size-medium\" src=\"https:\/\/www.empremedia.pt\/wp-content\/uploads\/2026\/03\/otilia-gouveia-139x300.jpeg\" alt=\"\" width=\"139\" height=\"300\" srcset=\"https:\/\/www.empremedia.pt\/wp-content\/uploads\/2026\/03\/otilia-gouveia-139x300.jpeg 139w, https:\/\/www.empremedia.pt\/wp-content\/uploads\/2026\/03\/otilia-gouveia-200x433.jpeg 200w, https:\/\/www.empremedia.pt\/wp-content\/uploads\/2026\/03\/otilia-gouveia-400x866.jpeg 400w, https:\/\/www.empremedia.pt\/wp-content\/uploads\/2026\/03\/otilia-gouveia.jpeg 422w\" sizes=\"(max-width: 139px) 100vw, 139px\" \/><\/p>\n<p style=\"font-weight: 400;\">\u00c9 com profundo pesar que partilhamos o falecimento da nossa querida Ot\u00edlia, ocorrido na passada quinta\u2011feira, dia 5 de Mar\u00e7o.<\/p>\n<p style=\"font-weight: 400;\">Ao longo do seu percurso na Emprem\u00e9dia, a Ot\u00edlia Gouveia destacou\u2011se como uma profissional dedicada, competente e sempre dispon\u00edvel, deixando uma marca humana e profissional que permanecer\u00e1 entre todos os que com ela tiveram o privil\u00e9gio de trabalhar.<\/p>\n<p style=\"font-weight: 400;\">Neste momento de dor, endere\u00e7amos \u00e0 fam\u00edlia e amigos as nossas mais sentidas condol\u00eancias.<\/p>\n<\/div><\/div><\/div><div class=\"fusion-clearfix\"><\/div>\n\n\t\t\t\t\t<\/div>\n\t\t\t\t<\/div><\/div><\/div>\n","protected":false},"excerpt":{"rendered":"","protected":false},"author":2,"featured_media":2410,"comment_status":"closed","ping_status":"closed","sticky":false,"template":"","format":"standard","meta":[],"categories":[22,1],"tags":[],"_links":{"self":[{"href":"https:\/\/www.empremedia.pt\/index.php?rest_route=\/wp\/v2\/posts\/2408"}],"collection":[{"href":"https:\/\/www.empremedia.pt\/index.php?rest_route=\/wp\/v2\/posts"}],"about":[{"href":"https:\/\/www.empremedia.pt\/index.php?rest_route=\/wp\/v2\/types\/post"}],"author":[{"embeddable":true,"href":"https:\/\/www.empremedia.pt\/index.php?rest_route=\/wp\/v2\/users\/2"}],"replies":[{"embeddable":true,"href":"https:\/\/www.empremedia.pt\/index.php?rest_route=%2Fwp%2Fv2%2Fcomments&post=2408"}],"version-history":[{"count":1,"href":"https:\/\/www.empremedia.pt\/index.php?rest_route=\/wp\/v2\/posts\/2408\/revisions"}],"predecessor-version":[{"id":2412,"href":"https:\/\/www.empremedia.pt\/index.php?rest_route=\/wp\/v2\/posts\/2408\/revisions\/2412"}],"wp:featuredmedia":[{"embeddable":true,"href":"https:\/\/www.empremedia.pt\/index.php?rest_route=\/wp\/v2\/media\/2410"}],"wp:attachment":[{"href":"https:\/\/www.empremedia.pt\/index.php?rest_route=%2Fwp%2Fv2%2Fmedia&parent=2408"}],"wp:term":[{"taxonomy":"category","embeddable":true,"href":"https:\/\/www.empremedia.pt\/index.php?rest_route=%2Fwp%2Fv2%2Fcategories&post=2408"},{"taxonomy":"post_tag","embeddable":true,"href":"https:\/\/www.empremedia.pt\/index.php?rest_route=%2Fwp%2Fv2%2Ftags&post=2408"}],"curies":[{"name":"wp","href":"https:\/\/api.w.org\/{rel}","templated":true}]}}