{"id":2374,"date":"2025-09-22T17:03:46","date_gmt":"2025-09-22T17:03:46","guid":{"rendered":"https:\/\/www.empremedia.pt\/?p=2374"},"modified":"2025-09-23T08:30:29","modified_gmt":"2025-09-23T08:30:29","slug":"informacao-2-2-2-2-2-2-2-2-2-2-2-2","status":"publish","type":"post","link":"https:\/\/www.empremedia.pt\/?p=2374","title":{"rendered":"22 de Setembro \u2013 Dia Mundial Sem Carro"},"content":{"rendered":"<div class=\"fusion-fullwidth fullwidth-box nonhundred-percent-fullwidth non-hundred-percent-height-scrolling\"  style='background-color: rgba(255,255,255,0);background-position: center center;background-repeat: no-repeat;padding-top:0px;padding-right:0px;padding-bottom:0px;padding-left:0px;'><div class=\"fusion-builder-row fusion-row \"><div  class=\"fusion-layout-column fusion_builder_column fusion_builder_column_1_1  fusion-one-full fusion-column-first fusion-column-last 1_1\"  style='margin-top:0px;margin-bottom:0px;'>\n\t\t\t\t\t<div class=\"fusion-column-wrapper\" style=\"padding: 0px 0px 0px 0px;background-position:left top;background-repeat:no-repeat;-webkit-background-size:cover;-moz-background-size:cover;-o-background-size:cover;background-size:cover;\"  data-bg-url=\"\">\n\t\t\t\t\t\t<div class=\"fusion-column-content-centered\"><div class=\"fusion-column-content\"><div class=\"fusion-text\"><p><img loading=\"lazy\" class=\"aligncenter wp-image-2381 size-full\" src=\"https:\/\/www.empremedia.pt\/wp-content\/uploads\/2025\/09\/dia-livre-de-carro-mundial.png\" alt=\"\" width=\"1920\" height=\"1280\" srcset=\"https:\/\/www.empremedia.pt\/wp-content\/uploads\/2025\/09\/dia-livre-de-carro-mundial-200x133.png 200w, https:\/\/www.empremedia.pt\/wp-content\/uploads\/2025\/09\/dia-livre-de-carro-mundial-300x200.png 300w, https:\/\/www.empremedia.pt\/wp-content\/uploads\/2025\/09\/dia-livre-de-carro-mundial-400x267.png 400w, https:\/\/www.empremedia.pt\/wp-content\/uploads\/2025\/09\/dia-livre-de-carro-mundial-600x400.png 600w, https:\/\/www.empremedia.pt\/wp-content\/uploads\/2025\/09\/dia-livre-de-carro-mundial-768x512.png 768w, https:\/\/www.empremedia.pt\/wp-content\/uploads\/2025\/09\/dia-livre-de-carro-mundial-800x533.png 800w, https:\/\/www.empremedia.pt\/wp-content\/uploads\/2025\/09\/dia-livre-de-carro-mundial-1024x683.png 1024w, https:\/\/www.empremedia.pt\/wp-content\/uploads\/2025\/09\/dia-livre-de-carro-mundial-1200x800.png 1200w, https:\/\/www.empremedia.pt\/wp-content\/uploads\/2025\/09\/dia-livre-de-carro-mundial-1536x1024.png 1536w, https:\/\/www.empremedia.pt\/wp-content\/uploads\/2025\/09\/dia-livre-de-carro-mundial.png 1920w\" sizes=\"(max-width: 1920px) 100vw, 1920px\" \/><\/p>\n<p style=\"font-weight: 400;\">O Dia Mundial Sem Carro assinala-se hoje e convida \u00e0 reflex\u00e3o sobre formas de mobilidade mais sustent\u00e1veis, seguras e amigas do ambiente. A bicicleta \u00e9 uma das alternativas mais populares, com cada vez mais adeptos em Portugal, tanto em meio urbano como rural.<\/p>\n<p style=\"font-weight: 400;\">Com o aumento da sua utiliza\u00e7\u00e3o, cresce tamb\u00e9m a necessidade de prote\u00e7\u00e3o. A\u00a0<strong>Emprem\u00e9dia<\/strong>, enquanto Corretor de Seguros, disponibiliza solu\u00e7\u00f5es espec\u00edficas para bicicletas, que podem incluir:<\/p>\n<ul style=\"font-weight: 400;\">\n<li><strong>Responsabilidade Civil<\/strong>\u00a0\u2013 cobertura de danos causados a terceiros;<\/li>\n<li><strong>Coberturas adicionais<\/strong>\u00a0\u2013 prote\u00e7\u00e3o contra danos na bicicleta e acidentes pessoais.<\/li>\n<\/ul>\n<p style=\"font-weight: 400;\">Estes seguros s\u00e3o recomendados para quem utiliza a bicicleta com regularidade, seja como meio de transporte ou lazer.<\/p>\n<p style=\"font-weight: 400;\">\u00a0Para mais informa\u00e7\u00f5es, entre em contacto connosco.<\/p>\n<\/div><\/div><\/div><div class=\"fusion-clearfix\"><\/div>\n\n\t\t\t\t\t<\/div>\n\t\t\t\t<\/div><\/div><\/div>\n","protected":false},"excerpt":{"rendered":"","protected":false},"author":2,"featured_media":2381,"comment_status":"closed","ping_status":"closed","sticky":false,"template":"","format":"standard","meta":[],"categories":[22,1],"tags":[],"_links":{"self":[{"href":"https:\/\/www.empremedia.pt\/index.php?rest_route=\/wp\/v2\/posts\/2374"}],"collection":[{"href":"https:\/\/www.empremedia.pt\/index.php?rest_route=\/wp\/v2\/posts"}],"about":[{"href":"https:\/\/www.empremedia.pt\/index.php?rest_route=\/wp\/v2\/types\/post"}],"author":[{"embeddable":true,"href":"https:\/\/www.empremedia.pt\/index.php?rest_route=\/wp\/v2\/users\/2"}],"replies":[{"embeddable":true,"href":"https:\/\/www.empremedia.pt\/index.php?rest_route=%2Fwp%2Fv2%2Fcomments&post=2374"}],"version-history":[{"count":8,"href":"https:\/\/www.empremedia.pt\/index.php?rest_route=\/wp\/v2\/posts\/2374\/revisions"}],"predecessor-version":[{"id":2385,"href":"https:\/\/www.empremedia.pt\/index.php?rest_route=\/wp\/v2\/posts\/2374\/revisions\/2385"}],"wp:featuredmedia":[{"embeddable":true,"href":"https:\/\/www.empremedia.pt\/index.php?rest_route=\/wp\/v2\/media\/2381"}],"wp:attachment":[{"href":"https:\/\/www.empremedia.pt\/index.php?rest_route=%2Fwp%2Fv2%2Fmedia&parent=2374"}],"wp:term":[{"taxonomy":"category","embeddable":true,"href":"https:\/\/www.empremedia.pt\/index.php?rest_route=%2Fwp%2Fv2%2Fcategories&post=2374"},{"taxonomy":"post_tag","embeddable":true,"href":"https:\/\/www.empremedia.pt\/index.php?rest_route=%2Fwp%2Fv2%2Ftags&post=2374"}],"curies":[{"name":"wp","href":"https:\/\/api.w.org\/{rel}","templated":true}]}}