{"id":1934,"date":"2023-03-27T11:28:38","date_gmt":"2023-03-27T11:28:38","guid":{"rendered":"https:\/\/www.empremedia.pt\/?p=1934"},"modified":"2023-03-27T15:47:52","modified_gmt":"2023-03-27T15:47:52","slug":"informacao-2-2","status":"publish","type":"post","link":"https:\/\/www.empremedia.pt\/?p=1934","title":{"rendered":"SEGURO VIDA CR\u00c9DITO HABITA\u00c7\u00c3O"},"content":{"rendered":"<div class=\"fusion-fullwidth fullwidth-box nonhundred-percent-fullwidth non-hundred-percent-height-scrolling\"  style='background-color: rgba(255,255,255,0);background-position: center center;background-repeat: no-repeat;padding-top:0px;padding-right:0px;padding-bottom:0px;padding-left:0px;'><div class=\"fusion-builder-row fusion-row \"><div  class=\"fusion-layout-column fusion_builder_column fusion_builder_column_1_1  fusion-one-full fusion-column-first fusion-column-last 1_1\"  style='margin-top:0px;margin-bottom:0px;'>\n\t\t\t\t\t<div class=\"fusion-column-wrapper\" style=\"padding: 0px 0px 0px 0px;background-position:left top;background-repeat:no-repeat;-webkit-background-size:cover;-moz-background-size:cover;-o-background-size:cover;background-size:cover;\"  data-bg-url=\"\">\n\t\t\t\t\t\t<div class=\"imageframe-align-center\"><span class=\"fusion-imageframe imageframe-none imageframe-1 hover-type-none\"><img loading=\"lazy\" src=\"https:\/\/www.empremedia.pt\/wp-content\/uploads\/2023\/03\/pexels-andrea-piacquadio-3818963.jpg\" width=\"1920\" height=\"1280\" alt=\"\" title=\"pexels-andrea-piacquadio-3818963\" class=\"img-responsive wp-image-1938\" srcset=\"https:\/\/www.empremedia.pt\/wp-content\/uploads\/2023\/03\/pexels-andrea-piacquadio-3818963-200x133.jpg 200w, https:\/\/www.empremedia.pt\/wp-content\/uploads\/2023\/03\/pexels-andrea-piacquadio-3818963-400x267.jpg 400w, https:\/\/www.empremedia.pt\/wp-content\/uploads\/2023\/03\/pexels-andrea-piacquadio-3818963-600x400.jpg 600w, https:\/\/www.empremedia.pt\/wp-content\/uploads\/2023\/03\/pexels-andrea-piacquadio-3818963-800x533.jpg 800w, https:\/\/www.empremedia.pt\/wp-content\/uploads\/2023\/03\/pexels-andrea-piacquadio-3818963-1200x800.jpg 1200w, https:\/\/www.empremedia.pt\/wp-content\/uploads\/2023\/03\/pexels-andrea-piacquadio-3818963.jpg 1920w\" sizes=\"(max-width: 800px) 100vw, 1920px\" \/><\/span><\/div><div class=\"fusion-sep-clear\"><\/div><div class=\"fusion-separator fusion-full-width-sep sep-none\" style=\"margin-left: auto;margin-right: auto;margin-top:;margin-bottom:30px;\"><\/div><div class=\"fusion-text\"><p>O aumento das taxas de juro nos empr\u00e9stimos para Cr\u00e9dito \u00e0 Habita\u00e7\u00e3o sobrecarrega o or\u00e7amento das fam\u00edlias. Associado \u00e0 presta\u00e7\u00e3o do empr\u00e9stimo existe ainda o custo adicional do Seguro de Vida.<\/p>\n<p>Com vista \u00e0 redu\u00e7\u00e3o deste custo, a Emprem\u00e9dia celebrou um protocolo com uma das maiores seguradoras do ramo Vida.<\/p>\n<p>Contacte-nos para uma r\u00e1pida simula\u00e7\u00e3o e comece a poupar de imediato!<\/p>\n<p>Exemplos com base em simula\u00e7\u00f5es reais:<\/p>\n<table width=\"588\">\n<tbody>\n<tr>\n<td width=\"588\">Casal de <strong>33 e 34 anos de idade. Valor do cr\u00e9dito \u00e0 habita\u00e7\u00e3o<\/strong> <strong>166.500\u20ac. <\/strong>Paga pelo actual seguro de Vida com as coberturas de Morte e Invalidez Permanente (ITP), um pr\u00e9mio mensal de 35.80\u20ac.<strong>\u00a0 <\/strong><\/td>\n<\/tr>\n<tr>\n<td width=\"588\">Contratando atrav\u00e9s da Emprem\u00e9dia o seguro de Vida <strong>o pr\u00e9mio mensal passar\u00e1 a ser de 25.51\u20ac <\/strong>o que representa uma <strong>poupan\u00e7a mensal de 10\u20ac <\/strong>e <strong>anual de 120\u20ac <\/strong>(-30%).<\/td>\n<\/tr>\n<\/tbody>\n<\/table>\n<table width=\"588\">\n<tbody>\n<tr>\n<td width=\"588\">Uma pessoa de <strong>50 anos de idade. Valor do cr\u00e9dito \u00e0 habita\u00e7\u00e3o 70.170\u20ac.<\/strong> Paga pelo actual seguro de Vida com as coberturas de Morte e de Invalidez Total e Permanente (ITP), um pr\u00e9mio mensal de 35.75\u20ac.<\/td>\n<\/tr>\n<tr>\n<td width=\"588\">Contratando atrav\u00e9s da Emprem\u00e9dia o seguro de Vida <strong>o pr\u00e9mio mensal passar\u00e1 a ser de 21.70\u20ac,<\/strong> o que representa uma <strong>poupan\u00e7a mensal de 14.05\u20ac<\/strong> e <strong>anual de 169\u20ac <\/strong>(-40%).<\/td>\n<\/tr>\n<\/tbody>\n<\/table>\n<\/div><div class=\"fusion-sep-clear\"><\/div><div class=\"fusion-separator fusion-full-width-sep sep-none\" style=\"margin-left: auto;margin-right: auto;margin-top:;margin-bottom:30px;\"><\/div><div class=\"fusion-text\"><p style=\"text-align: center;\"><a href=\"mailto:otilia.gouveia@empremedia.pt\">otilia.gouveia@empremedia.pt<\/a><\/p>\n<p style=\"text-align: center;\"><a href=\"mailto:nelson.goncalves@empremedia.pt\">nelson.goncalves@empremedia.pt<\/a><\/p>\n<p style=\"text-align: center;\"><a href=\"mailto:sandra.almeida@empremedia.pt\">sandra.almeida@empremedia.pt<\/a><\/p>\n<p style=\"text-align: center;\"><a href=\"mailto:isabel.mesquita@empremedia.pt\">isabel.mesquita@empremedia.pt<\/a><\/p>\n<p style=\"text-align: center;\"><a href=\"mailto:anabela.ferreira@empremedia.pt\">anabela.ferreira@empremedia.pt<\/a><\/p>\n<\/div><div class=\"fusion-sep-clear\"><\/div><div class=\"fusion-separator fusion-full-width-sep sep-none\" style=\"margin-left: auto;margin-right: auto;margin-top:;margin-bottom:30px;\"><\/div><style>\ntable {\nborder: 2px solid orange;\nmargin-left: auto;\nmargin-right: auto;\nmargin-top: 25px;\nmargin-bottom: 25px;\n}\n<\/style><div class=\"fusion-clearfix\"><\/div>\n\n\t\t\t\t\t<\/div>\n\t\t\t\t<\/div><\/div><\/div>\n","protected":false},"excerpt":{"rendered":"","protected":false},"author":2,"featured_media":1964,"comment_status":"closed","ping_status":"closed","sticky":false,"template":"","format":"standard","meta":[],"categories":[22,1],"tags":[],"_links":{"self":[{"href":"https:\/\/www.empremedia.pt\/index.php?rest_route=\/wp\/v2\/posts\/1934"}],"collection":[{"href":"https:\/\/www.empremedia.pt\/index.php?rest_route=\/wp\/v2\/posts"}],"about":[{"href":"https:\/\/www.empremedia.pt\/index.php?rest_route=\/wp\/v2\/types\/post"}],"author":[{"embeddable":true,"href":"https:\/\/www.empremedia.pt\/index.php?rest_route=\/wp\/v2\/users\/2"}],"replies":[{"embeddable":true,"href":"https:\/\/www.empremedia.pt\/index.php?rest_route=%2Fwp%2Fv2%2Fcomments&post=1934"}],"version-history":[{"count":13,"href":"https:\/\/www.empremedia.pt\/index.php?rest_route=\/wp\/v2\/posts\/1934\/revisions"}],"predecessor-version":[{"id":1948,"href":"https:\/\/www.empremedia.pt\/index.php?rest_route=\/wp\/v2\/posts\/1934\/revisions\/1948"}],"wp:featuredmedia":[{"embeddable":true,"href":"https:\/\/www.empremedia.pt\/index.php?rest_route=\/wp\/v2\/media\/1964"}],"wp:attachment":[{"href":"https:\/\/www.empremedia.pt\/index.php?rest_route=%2Fwp%2Fv2%2Fmedia&parent=1934"}],"wp:term":[{"taxonomy":"category","embeddable":true,"href":"https:\/\/www.empremedia.pt\/index.php?rest_route=%2Fwp%2Fv2%2Fcategories&post=1934"},{"taxonomy":"post_tag","embeddable":true,"href":"https:\/\/www.empremedia.pt\/index.php?rest_route=%2Fwp%2Fv2%2Ftags&post=1934"}],"curies":[{"name":"wp","href":"https:\/\/api.w.org\/{rel}","templated":true}]}}