{"id":1854,"date":"2023-01-26T09:59:04","date_gmt":"2023-01-26T09:59:04","guid":{"rendered":"https:\/\/www.empremedia.pt\/?p=1854"},"modified":"2023-05-18T14:25:11","modified_gmt":"2023-05-18T14:25:11","slug":"informacao-2","status":"publish","type":"post","link":"https:\/\/www.empremedia.pt\/?p=1854","title":{"rendered":"RELAT\u00d3RIO DO F\u00d3RUM ECON\u00d3MICO MUNDIAL 2023"},"content":{"rendered":"<div class=\"fusion-fullwidth fullwidth-box nonhundred-percent-fullwidth non-hundred-percent-height-scrolling\"  style='background-color: rgba(255,255,255,0);background-position: center center;background-repeat: no-repeat;padding-top:0px;padding-right:0px;padding-bottom:0px;padding-left:0px;'><div class=\"fusion-builder-row fusion-row \"><div  class=\"fusion-layout-column fusion_builder_column fusion_builder_column_1_1  fusion-one-full fusion-column-first fusion-column-last 1_1\"  style='margin-top:0px;margin-bottom:0px;'>\n\t\t\t\t\t<div class=\"fusion-column-wrapper\" style=\"padding: 0px 0px 0px 0px;background-position:left top;background-repeat:no-repeat;-webkit-background-size:cover;-moz-background-size:cover;-o-background-size:cover;background-size:cover;\"  data-bg-url=\"\">\n\t\t\t\t\t\t<div class=\"imageframe-align-center\"><span class=\"fusion-imageframe imageframe-none imageframe-1 hover-type-none\"><img loading=\"lazy\" src=\"https:\/\/www.empremedia.pt\/wp-content\/uploads\/2023\/01\/img_rfem-e1674743193648.png\" width=\"412\" height=\"170\" alt=\"\" title=\"img_rfem\" class=\"img-responsive wp-image-1861\"\/><\/span><\/div><div class=\"fusion-sep-clear\"><\/div><div class=\"fusion-separator fusion-full-width-sep sep-none\" style=\"margin-left: auto;margin-right: auto;margin-top:;margin-bottom:30px;\"><\/div><div class=\"fusion-text\"><p style=\"font-weight: 400;\">Desde h\u00e1 muito tempo que o panorama socioecon\u00f3mico mundial n\u00e3o era t\u00e3o severo. \u201cA pandemia e a guerra na Europa trazem novamente crises energ\u00e9ticas, inflacionistas, alimentares e de seguran\u00e7a\u201d, refere o F\u00f3rum Econ\u00f3mico Mundial no relat\u00f3rio \u201cGlobal Risks Report 2023\u201d, publicado a 11 de Janeiro 2023, apontando o fim de uma era econ\u00f3mica e o in\u00edcio de outra caracterizada por elevada incerteza, sobretudo pela dura\u00e7\u00e3o da guerra e pela falha nas cadeias de abastecimento.<\/p>\n<p style=\"font-weight: 400;\">Este estudo do F\u00f3rum Econ\u00f3mico Mundial j\u00e1 vai na 18.\u00aa edi\u00e7\u00e3o. Tem por base as opini\u00f5es de mais de 1.200 especialistas globais em riscos, decisores pol\u00edticos e l\u00edderes empresariais.<\/p>\n<p style=\"font-weight: 400;\">Na an\u00e1lise dos especialistas, a \u201ccrise do custo de vida\u201d \u00e9 classificada como o risco global mais grave nos pr\u00f3ximos dois anos, seguido de \u201ccat\u00e1strofes naturais e eventos clim\u00e1ticos extremos\u201d e do \u201cconfronto geoecon\u00f3mico\u201d.<\/p>\n<\/div><div class=\"fusion-sep-clear\"><\/div><div class=\"fusion-separator fusion-full-width-sep sep-none\" style=\"margin-left: auto;margin-right: auto;margin-top:;margin-bottom:30px;\"><\/div><span style=\"margin-left:25px;float:right;\" class=\"fusion-imageframe imageframe-none imageframe-2 hover-type-none\"><img loading=\"lazy\" src=\"https:\/\/www.empremedia.pt\/wp-content\/uploads\/2023\/01\/1grafico.png\" width=\"621\" height=\"488\" alt=\"\" title=\"1grafico\" class=\"img-responsive wp-image-1870\" srcset=\"https:\/\/www.empremedia.pt\/wp-content\/uploads\/2023\/01\/1grafico-200x157.png 200w, https:\/\/www.empremedia.pt\/wp-content\/uploads\/2023\/01\/1grafico-400x314.png 400w, https:\/\/www.empremedia.pt\/wp-content\/uploads\/2023\/01\/1grafico-600x471.png 600w, https:\/\/www.empremedia.pt\/wp-content\/uploads\/2023\/01\/1grafico.png 621w\" sizes=\"(max-width: 800px) 100vw, 621px\" \/><\/span><div class=\"fusion-sep-clear\"><\/div><div class=\"fusion-separator fusion-full-width-sep sep-none\" style=\"margin-left: auto;margin-right: auto;margin-top:;margin-bottom:30px;\"><\/div><div class=\"fusion-text\"><p style=\"font-weight: 400;\">Quanto a uma vis\u00e3o a longo prazo, os maiores riscos antecipados est\u00e3o todos relacionados com o ambiente: a &#8220;falha na mitiga\u00e7\u00e3o das altera\u00e7\u00f5es clim\u00e1ticas&#8221;, o &#8220;fracasso na adapta\u00e7\u00e3o \u00e0s altera\u00e7\u00f5es clim\u00e1ticas&#8221;, seguidos por &#8220;cat\u00e1strofes naturais e eventos clim\u00e1ticos extremos&#8221; e &#8220;perda de biodiversidade e colapso dos ecossistemas&#8221;.<\/p>\n<\/div><div class=\"fusion-sep-clear\"><\/div><div class=\"fusion-separator fusion-full-width-sep sep-none\" style=\"margin-left: auto;margin-right: auto;margin-top:;margin-bottom:30px;\"><\/div><span style=\"margin-left:25px;float:right;\" class=\"fusion-imageframe imageframe-none imageframe-3 hover-type-none\"><img loading=\"lazy\" src=\"https:\/\/www.empremedia.pt\/wp-content\/uploads\/2023\/01\/2grafico.png\" width=\"609\" height=\"478\" alt=\"\" title=\"2grafico\" class=\"img-responsive wp-image-1871\" srcset=\"https:\/\/www.empremedia.pt\/wp-content\/uploads\/2023\/01\/2grafico-200x157.png 200w, https:\/\/www.empremedia.pt\/wp-content\/uploads\/2023\/01\/2grafico-400x314.png 400w, https:\/\/www.empremedia.pt\/wp-content\/uploads\/2023\/01\/2grafico-600x471.png 600w, https:\/\/www.empremedia.pt\/wp-content\/uploads\/2023\/01\/2grafico.png 609w\" sizes=\"(max-width: 800px) 100vw, 609px\" \/><\/span><div class=\"fusion-sep-clear\"><\/div><div class=\"fusion-separator fusion-full-width-sep sep-none\" style=\"margin-left: auto;margin-right: auto;margin-top:;margin-bottom:30px;\"><\/div><div class=\"fusion-text\"><p style=\"font-weight: 400;\">Os especialistas preveem que \u201ca menos que o mundo comece a cooperar mais eficazmente na mitiga\u00e7\u00e3o e adapta\u00e7\u00e3o das altera\u00e7\u00f5es clim\u00e1ticas, nos pr\u00f3ximos dez anos assistiremos ao aquecimento global continuo e a\u0300 degrada\u00e7\u00e3o ambiental.\u201d<\/p>\n<p style=\"font-weight: 400;\">Assim, torna-se fundamental assegurar a diminui\u00e7\u00e3o da sua exposi\u00e7\u00e3o aos diversos riscos. Para tal, existem diversas op\u00e7\u00f5es de seguros dispon\u00edveis, tais como, a t\u00edtulo de exemplo, os seguros sociais como o seguro de vida ou de sa\u00fade, os seguros multirriscos, de inc\u00eandio, de responsabilidade civil e ambiental.<\/p>\n<p style=\"font-weight: 400;\">Quer saber mais sobre estes seguros e qual o que melhor se ajusta \u00e0s suas necessidades? Entre em contacto com a Emprem\u00e9dia (<a href=\"mailto:geral@empremedia.pt\">geral@empremedia.pt<\/a>).<\/p>\n<p style=\"font-weight: 400;\">Por \u00faltimo, conhe\u00e7a o relat\u00f3rio completo aqui:\u00a0<a href=\"https:\/\/www.weforum.org\/reports\/global-risks-report-2023\/\" data-saferedirecturl=\"https:\/\/www.google.com\/url?q=https:\/\/www.weforum.org\/reports\/global-risks-report-2023\/&amp;source=gmail&amp;ust=1674810934333000&amp;usg=AOvVaw3dDoyb6skcTznpnQa9WBI3\">https:\/\/www.weforum.org\/reports\/global-risks-report-2023\/<\/a>.<\/p>\n<\/div><div class=\"fusion-sep-clear\"><\/div><div class=\"fusion-separator fusion-full-width-sep sep-none\" style=\"margin-left: auto;margin-right: auto;margin-top:;margin-bottom:30px;\"><\/div><div class=\"fusion-clearfix\"><\/div>\n\n\t\t\t\t\t<\/div>\n\t\t\t\t<\/div><\/div><\/div>\n","protected":false},"excerpt":{"rendered":"","protected":false},"author":2,"featured_media":1876,"comment_status":"closed","ping_status":"closed","sticky":false,"template":"","format":"standard","meta":[],"categories":[22,12],"tags":[],"_links":{"self":[{"href":"https:\/\/www.empremedia.pt\/index.php?rest_route=\/wp\/v2\/posts\/1854"}],"collection":[{"href":"https:\/\/www.empremedia.pt\/index.php?rest_route=\/wp\/v2\/posts"}],"about":[{"href":"https:\/\/www.empremedia.pt\/index.php?rest_route=\/wp\/v2\/types\/post"}],"author":[{"embeddable":true,"href":"https:\/\/www.empremedia.pt\/index.php?rest_route=\/wp\/v2\/users\/2"}],"replies":[{"embeddable":true,"href":"https:\/\/www.empremedia.pt\/index.php?rest_route=%2Fwp%2Fv2%2Fcomments&post=1854"}],"version-history":[{"count":9,"href":"https:\/\/www.empremedia.pt\/index.php?rest_route=\/wp\/v2\/posts\/1854\/revisions"}],"predecessor-version":[{"id":1874,"href":"https:\/\/www.empremedia.pt\/index.php?rest_route=\/wp\/v2\/posts\/1854\/revisions\/1874"}],"wp:featuredmedia":[{"embeddable":true,"href":"https:\/\/www.empremedia.pt\/index.php?rest_route=\/wp\/v2\/media\/1876"}],"wp:attachment":[{"href":"https:\/\/www.empremedia.pt\/index.php?rest_route=%2Fwp%2Fv2%2Fmedia&parent=1854"}],"wp:term":[{"taxonomy":"category","embeddable":true,"href":"https:\/\/www.empremedia.pt\/index.php?rest_route=%2Fwp%2Fv2%2Fcategories&post=1854"},{"taxonomy":"post_tag","embeddable":true,"href":"https:\/\/www.empremedia.pt\/index.php?rest_route=%2Fwp%2Fv2%2Ftags&post=1854"}],"curies":[{"name":"wp","href":"https:\/\/api.w.org\/{rel}","templated":true}]}}