{"id":1561,"date":"2022-01-18T10:22:14","date_gmt":"2022-01-18T10:22:14","guid":{"rendered":"https:\/\/www.empremedia.pt\/?p=1561"},"modified":"2023-05-18T14:27:32","modified_gmt":"2023-05-18T14:27:32","slug":"relatorio-do-forum-economico-mundial-destaca-os-principais-riscos-para-a-proxima-decada-2-2","status":"publish","type":"post","link":"https:\/\/www.empremedia.pt\/?p=1561","title":{"rendered":"RELAT\u00d3RIO DO F\u00d3RUM ECON\u00d3MICO MUNDIAL 2022"},"content":{"rendered":"<p><div class=\"fusion-fullwidth fullwidth-box nonhundred-percent-fullwidth non-hundred-percent-height-scrolling\"  style='background-color: rgba(255,255,255,0);background-position: center center;background-repeat: no-repeat;padding-top:0px;padding-right:0px;padding-bottom:0px;padding-left:0px;'><div class=\"fusion-builder-row fusion-row \"><div  class=\"fusion-layout-column fusion_builder_column fusion_builder_column_1_1  fusion-one-full fusion-column-first fusion-column-last 1_1\"  style='margin-top:0px;margin-bottom:0px;'>\n\t\t\t\t\t<div class=\"fusion-column-wrapper\" style=\"padding: 0px 0px 0px 0px;background-position:left top;background-repeat:no-repeat;-webkit-background-size:cover;-moz-background-size:cover;-o-background-size:cover;background-size:cover;\"  data-bg-url=\"\">\n\t\t\t\t\t\t<div class=\"imageframe-align-center\"><span class=\"fusion-imageframe imageframe-none imageframe-1 hover-type-none\"><img loading=\"lazy\" src=\"https:\/\/www.empremedia.pt\/wp-content\/uploads\/2022\/01\/Alteracao_Climatica_2022_pagina.jpg\" width=\"1200\" height=\"818\" alt=\"\" title=\"Alteracao_Climatica_2022_pagina\" class=\"img-responsive wp-image-1590\" srcset=\"https:\/\/www.empremedia.pt\/wp-content\/uploads\/2022\/01\/Alteracao_Climatica_2022_pagina-200x136.jpg 200w, https:\/\/www.empremedia.pt\/wp-content\/uploads\/2022\/01\/Alteracao_Climatica_2022_pagina-400x273.jpg 400w, https:\/\/www.empremedia.pt\/wp-content\/uploads\/2022\/01\/Alteracao_Climatica_2022_pagina-600x409.jpg 600w, https:\/\/www.empremedia.pt\/wp-content\/uploads\/2022\/01\/Alteracao_Climatica_2022_pagina-800x545.jpg 800w, https:\/\/www.empremedia.pt\/wp-content\/uploads\/2022\/01\/Alteracao_Climatica_2022_pagina.jpg 1200w\" sizes=\"(max-width: 800px) 100vw, 1200px\" \/><\/span><\/div><div class=\"fusion-sep-clear\"><\/div><div class=\"fusion-separator fusion-full-width-sep sep-none\" style=\"margin-left: auto;margin-right: auto;margin-top:;margin-bottom:30px;\"><\/div><div class=\"fusion-text\"><p>A crise clim\u00e1tica, o crescimento das diverg\u00eancias sociais, o\u00a0aumento dos riscos cibern\u00e9ticos\u00a0e a\u00a0recupera\u00e7\u00e3o mundial desigual face \u00e0 pandemia Covid-19\u00a0s\u00e3o os principais riscos destacados no relat\u00f3rio\u00a0<em>Global Risks Report 2022<\/em>.<\/p>\n<p>O documento, divulgado no dia 11 de Janeiro 2022, indica, ainda,\u00a0quatro \u00e1reas de riscos emergentes:\u00a0ciberseguran\u00e7a; competi\u00e7\u00e3o espacial; uma transi\u00e7\u00e3o clim\u00e1tica desordenada e press\u00f5es migrat\u00f3rias. Para serem bem geridas, o relat\u00f3rio foca a\u00a0coordena\u00e7\u00e3o global.<\/p>\n<p>O relat\u00f3rio apresenta a vis\u00e3o de especialistas na identifica\u00e7\u00e3o dos principais riscos globais a\u00a0curto, m\u00e9dio e longo prazo\u00a0e nomeadamente o\u00a0Top-10\u00a0de riscos globais\u00a0por severidade\u00a0para os\u00a0pr\u00f3ximos 10 anos.<\/p>\n<p>Nos\u00a0pr\u00f3ximos dois anos, o Top de riscos globais elenca:<\/p>\n<ol>\n<li class=\"m_518460093406882983MsoListParagraphCxSpFirst\">Clima extremo;<\/li>\n<li class=\"m_518460093406882983MsoListParagraphCxSpMiddle\">Crises de subsist\u00eancia;<\/li>\n<li class=\"m_518460093406882983MsoListParagraphCxSpMiddle\">Fracasso da ac\u00e7\u00e3o clim\u00e1tica;<\/li>\n<li class=\"m_518460093406882983MsoListParagraphCxSpMiddle\">Eros\u00e3o da coes\u00e3o social;<\/li>\n<li class=\"m_518460093406882983MsoListParagraphCxSpMiddle\">Doen\u00e7as infecciosas;<\/li>\n<li class=\"m_518460093406882983MsoListParagraphCxSpMiddle\">Deteriora\u00e7\u00e3o da sa\u00fade mental;<\/li>\n<li class=\"m_518460093406882983MsoListParagraphCxSpMiddle\">Falhas de ciberseguran\u00e7a;<\/li>\n<li class=\"m_518460093406882983MsoListParagraphCxSpMiddle\">Crises da d\u00edvida;<\/li>\n<li class=\"m_518460093406882983MsoListParagraphCxSpMiddle\">Desigualdade digital;<\/li>\n<li class=\"m_518460093406882983MsoListParagraphCxSpLast\">Explos\u00e3o da \u201cbolha\u201d de ativos.<\/li>\n<\/ol>\n<p>Quanto ao\u00a0Top-10 Riscos Globais por Severidade,\u00a0nos pr\u00f3ximos 10 anos, as preocupa\u00e7\u00f5es v\u00e3o para:<\/p>\n<ol>\n<li>Fracasso da ac\u00e7\u00e3o clim\u00e1tica;<\/li>\n<li>Clima extremo;<\/li>\n<li>Perda de biodiversidade;<\/li>\n<li>Eros\u00e3o da coes\u00e3o social;<\/li>\n<li>Crises de subsist\u00eancia;<\/li>\n<li>Doen\u00e7as infecciosas;<\/li>\n<li>Danos ambientais causados por humanos;<\/li>\n<li>Crise de recursos naturais;<\/li>\n<li>Crises da d\u00edvida;<\/li>\n<li>Confrontos geoecon\u00f3micos.<\/li>\n<\/ol>\n<p>O relat\u00f3rio apresenta tamb\u00e9m o Top5 de riscos para os pr\u00f3ximos dois anos em cada uma das 124 economias analisadas. No caso de\u00a0Portugal, os riscos passam pela\u00a0estagna\u00e7\u00e3o econ\u00f3mica prolongada,\u00a0crises de d\u00edvida em grandes economias,\u00a0crise de emprego e de subsist\u00eancia,\u00a0desigualdade digital\u00a0e\u00a0colapso ou falha dos sistemas de seguran\u00e7a social.<\/p>\n<p>Peter Giger, da Zurich, considera que a \u201ccrise clim\u00e1tica continua a ser a maior amea\u00e7a a longo prazo que a humanidade enfrenta. Falhar no combate \u00e0s altera\u00e7\u00f5es clim\u00e1ticas pode diminuir em um sexto o PIB mundial e os compromissos estabelecidos na COP26 continuam a n\u00e3o ser suficientes para atingir o objetivo dos 1,5\u00baC\u201d.<\/p>\n<p>O relat\u00f3rio serve para \u201cidentificar potenciais riscos futuros.\u00a0Implementando medidas pode-se atenuar os efeitos ou a probabilidade de ocorrerem no futuro\u201d, explica Fernando Chaves, especialista de risco da Marsh Portugal. Os riscos ambientais, contudo, \u201cs\u00e3o de muito longo prazo e j\u00e1 c\u00e1 est\u00e3o\u201d. \u201cOs efeitos das nossas medidas no muito curto prazo s\u00f3 poder\u00e3o vir a sentir-se no m\u00e9dio, longo prazo\u201d, acrescenta.<\/p>\n<p>Por isso, diz, \u00e9 preciso olhar para os riscos de\u00a0\u201cforma sist\u00e9mica e identificar medidas que os possam reduzir. Intervindo nos riscos ambientais podemos reduzir riscos sociais, geopol\u00edticos e o impacto potencial nos econ\u00f3micos\u201d, sublinha.<\/p>\n<p>O\u00a0<em>Global Risks Report<\/em>\u00a02022 contribui para melhorar a capacidade dos l\u00edderes na resposta aos desafios do futuro, identificando n\u00e3o s\u00f3 os principais riscos que o mundo enfrenta, mas tamb\u00e9m os caminhos para reduzir as desigualdades sociais, digitais e econ\u00f3micas, aumentar a resili\u00eancia e proteger o planeta.<\/p>\n<p>De modo a diminuir a sua exposi\u00e7\u00e3o aos diversos riscos citados, existe um leque variado de seguros dispon\u00edveis no mercado, tais como seguros multirriscos, de inc\u00eandio, de responsabilidade civil e ambiental, seguro de riscos cibern\u00e9ticos, seguros sociais, entre muitos outros.<\/p>\n<p>Quer saber mais sobre os seguros dispon\u00edveis e qual o que melhor se ajusta \u00e0s suas necessidades? Entre em contacto com a Emprem\u00e9dia.<span style=\"color: initial; font-size: revert;\"><\/p>\n<\/div><div class=\"fusion-clearfix\"><\/div>\n\n\t\t\t\t\t<\/div>\n\t\t\t\t<\/div><\/div><\/div><\/span><\/p>\n","protected":false},"excerpt":{"rendered":"","protected":false},"author":2,"featured_media":1593,"comment_status":"closed","ping_status":"closed","sticky":false,"template":"","format":"standard","meta":[],"categories":[22,12],"tags":[],"_links":{"self":[{"href":"https:\/\/www.empremedia.pt\/index.php?rest_route=\/wp\/v2\/posts\/1561"}],"collection":[{"href":"https:\/\/www.empremedia.pt\/index.php?rest_route=\/wp\/v2\/posts"}],"about":[{"href":"https:\/\/www.empremedia.pt\/index.php?rest_route=\/wp\/v2\/types\/post"}],"author":[{"embeddable":true,"href":"https:\/\/www.empremedia.pt\/index.php?rest_route=\/wp\/v2\/users\/2"}],"replies":[{"embeddable":true,"href":"https:\/\/www.empremedia.pt\/index.php?rest_route=%2Fwp%2Fv2%2Fcomments&post=1561"}],"version-history":[{"count":10,"href":"https:\/\/www.empremedia.pt\/index.php?rest_route=\/wp\/v2\/posts\/1561\/revisions"}],"predecessor-version":[{"id":1628,"href":"https:\/\/www.empremedia.pt\/index.php?rest_route=\/wp\/v2\/posts\/1561\/revisions\/1628"}],"wp:featuredmedia":[{"embeddable":true,"href":"https:\/\/www.empremedia.pt\/index.php?rest_route=\/wp\/v2\/media\/1593"}],"wp:attachment":[{"href":"https:\/\/www.empremedia.pt\/index.php?rest_route=%2Fwp%2Fv2%2Fmedia&parent=1561"}],"wp:term":[{"taxonomy":"category","embeddable":true,"href":"https:\/\/www.empremedia.pt\/index.php?rest_route=%2Fwp%2Fv2%2Fcategories&post=1561"},{"taxonomy":"post_tag","embeddable":true,"href":"https:\/\/www.empremedia.pt\/index.php?rest_route=%2Fwp%2Fv2%2Ftags&post=1561"}],"curies":[{"name":"wp","href":"https:\/\/api.w.org\/{rel}","templated":true}]}}