{"id":137,"date":"2018-03-22T10:55:32","date_gmt":"2018-03-22T10:55:32","guid":{"rendered":"https:\/\/www.empremedia.pt\/?p=137"},"modified":"2023-05-18T14:25:24","modified_gmt":"2023-05-18T14:25:24","slug":"novo-modelo-de-participacao-de-sinistros-de-acidentes-de-trabalho","status":"publish","type":"post","link":"https:\/\/www.empremedia.pt\/?p=137","title":{"rendered":"NOVO MODELO DE PARTICIPA\u00c7\u00c3O DE SINISTROS DE ACIDENTES DE TRABALHO"},"content":{"rendered":"<div class=\"fusion-fullwidth fullwidth-box nonhundred-percent-fullwidth non-hundred-percent-height-scrolling\"  style='background-color: rgba(255,255,255,0);background-position: center center;background-repeat: no-repeat;padding-top:0px;padding-right:0px;padding-bottom:0px;padding-left:0px;'><div class=\"fusion-builder-row fusion-row \"><div  class=\"fusion-layout-column fusion_builder_column fusion_builder_column_1_1  fusion-one-full fusion-column-first fusion-column-last 1_1\"  style='margin-top:0px;margin-bottom:0px;'>\n\t\t\t\t\t<div class=\"fusion-column-wrapper\" style=\"padding: 0px 0px 0px 0px;background-position:left top;background-repeat:no-repeat;-webkit-background-size:cover;-moz-background-size:cover;-o-background-size:cover;background-size:cover;\"  data-bg-url=\"\">\n\t\t\t\t\t\t<span style=\"margin-right:25px;float:left;\" class=\"fusion-imageframe imageframe-none imageframe-1 hover-type-none\"><img loading=\"lazy\" src=\"https:\/\/www.empremedia.pt\/wp-content\/uploads\/2018\/02\/noticias-acidentes.png\" width=\"800\" height=\"400\" alt=\"\" title=\"noticias-acidentes\" class=\"img-responsive wp-image-279\" srcset=\"https:\/\/www.empremedia.pt\/wp-content\/uploads\/2018\/02\/noticias-acidentes-200x100.png 200w, https:\/\/www.empremedia.pt\/wp-content\/uploads\/2018\/02\/noticias-acidentes-400x200.png 400w, https:\/\/www.empremedia.pt\/wp-content\/uploads\/2018\/02\/noticias-acidentes-600x300.png 600w, https:\/\/www.empremedia.pt\/wp-content\/uploads\/2018\/02\/noticias-acidentes.png 800w\" sizes=\"(max-width: 800px) 100vw, 800px\" \/><\/span><div class=\"fusion-sep-clear\"><\/div><div class=\"fusion-separator fusion-full-width-sep sep-none\" style=\"margin-left: auto;margin-right: auto;margin-top:;margin-bottom:30px;\"><\/div><div class=\"fusion-text\"><p>O regime legal da participa\u00e7\u00e3o de acidentes de trabalho foi alterado pelo Decreto-Lei 106\/2017, de 29 de Agosto, e pela portaria regulamentar 14\/2018, de 11 de Janeiro, que aprova os respetivos modelos.<br \/>\nA participa\u00e7\u00e3o de acidentes de trabalho passa a ser efetuada, obrigatoriamente, por via inform\u00e1tica, no prazo de 24 horas a partir da data do conhecimento do acidente pelo empregador, constituindo contraordena\u00e7\u00e3o grave para a entidade empregadora o n\u00e3o cumprimento desta obriga\u00e7\u00e3o.<\/p>\n<p>Como participar?<\/p>\n<p>1)Empresas com mais de 10 trabalhadores<br \/>\nO preenchimento da participa\u00e7\u00e3o eletr\u00f3nica \u00e9 obrigat\u00f3rio e est\u00e1 dispon\u00edvel no site da Associa\u00e7\u00e3o Portuguesa de Seguros (https:\/\/pat.apseguradores.pt\/).<\/p>\n<p>2)Empresas at\u00e9 10 trabalhadores, Trabalhadores Independentes ou de Servi\u00e7o Dom\u00e9stico<br \/>\nO preenchimento do novo formul\u00e1rio e a participa\u00e7\u00e3o do acidente por via electr\u00f3nica \u00a0n\u00e3o s\u00e3o obrigat\u00f3rios mas aconselhamos que utilize o mesmo modelo.<\/p>\n<p>Para qualquer quest\u00e3o ou esclarecimento adicional contacte-nos atrav\u00e9s \u00a0do seu Gestor de Conta ou do e-mail <strong><a href=\"mailto:geral@empremedia.pt\">geral@empremedia.pt<\/a><\/strong><\/p>\n<\/div><div class=\"fusion-clearfix\"><\/div>\n\n\t\t\t\t\t<\/div>\n\t\t\t\t<\/div><\/div><\/div>\n","protected":false},"excerpt":{"rendered":"","protected":false},"author":1,"featured_media":124,"comment_status":"closed","ping_status":"closed","sticky":false,"template":"","format":"standard","meta":[],"categories":[22,12],"tags":[],"_links":{"self":[{"href":"https:\/\/www.empremedia.pt\/index.php?rest_route=\/wp\/v2\/posts\/137"}],"collection":[{"href":"https:\/\/www.empremedia.pt\/index.php?rest_route=\/wp\/v2\/posts"}],"about":[{"href":"https:\/\/www.empremedia.pt\/index.php?rest_route=\/wp\/v2\/types\/post"}],"author":[{"embeddable":true,"href":"https:\/\/www.empremedia.pt\/index.php?rest_route=\/wp\/v2\/users\/1"}],"replies":[{"embeddable":true,"href":"https:\/\/www.empremedia.pt\/index.php?rest_route=%2Fwp%2Fv2%2Fcomments&post=137"}],"version-history":[{"count":1,"href":"https:\/\/www.empremedia.pt\/index.php?rest_route=\/wp\/v2\/posts\/137\/revisions"}],"predecessor-version":[{"id":2013,"href":"https:\/\/www.empremedia.pt\/index.php?rest_route=\/wp\/v2\/posts\/137\/revisions\/2013"}],"wp:featuredmedia":[{"embeddable":true,"href":"https:\/\/www.empremedia.pt\/index.php?rest_route=\/wp\/v2\/media\/124"}],"wp:attachment":[{"href":"https:\/\/www.empremedia.pt\/index.php?rest_route=%2Fwp%2Fv2%2Fmedia&parent=137"}],"wp:term":[{"taxonomy":"category","embeddable":true,"href":"https:\/\/www.empremedia.pt\/index.php?rest_route=%2Fwp%2Fv2%2Fcategories&post=137"},{"taxonomy":"post_tag","embeddable":true,"href":"https:\/\/www.empremedia.pt\/index.php?rest_route=%2Fwp%2Fv2%2Ftags&post=137"}],"curies":[{"name":"wp","href":"https:\/\/api.w.org\/{rel}","templated":true}]}}