{"id":1214,"date":"2020-11-18T11:44:24","date_gmt":"2020-11-18T11:44:24","guid":{"rendered":"http:\/\/localhost\/?p=1214"},"modified":"2021-12-15T18:13:11","modified_gmt":"2021-12-15T18:13:11","slug":"estamos-a-recrutar-gestor-de-clientes","status":"publish","type":"post","link":"https:\/\/www.empremedia.pt\/?p=1214","title":{"rendered":"Estamos a Recrutar &#8211; Gestor de Clientes"},"content":{"rendered":"<div class=\"fusion-fullwidth fullwidth-box nonhundred-percent-fullwidth non-hundred-percent-height-scrolling\"  style='background-color: rgba(255,255,255,0);background-position: center center;background-repeat: no-repeat;padding-top:0px;padding-right:0px;padding-bottom:0px;padding-left:0px;'><div class=\"fusion-builder-row fusion-row \"><div  class=\"fusion-layout-column fusion_builder_column fusion_builder_column_1_1  fusion-one-full fusion-column-first fusion-column-last 1_1\"  style='margin-top:0px;margin-bottom:0px;'>\n\t\t\t\t\t<div class=\"fusion-column-wrapper\" style=\"padding: 0px 0px 0px 0px;background-position:left top;background-repeat:no-repeat;-webkit-background-size:cover;-moz-background-size:cover;-o-background-size:cover;background-size:cover;\"  data-bg-url=\"\">\n\t\t\t\t\t\t<div class=\"imageframe-align-center\"><span class=\"fusion-imageframe imageframe-none imageframe-1 hover-type-none\"><img loading=\"lazy\" src=\"https:\/\/www.empremedia.pt\/wp-content\/uploads\/2020\/11\/gestor-clientes.png\" width=\"767\" height=\"200\" alt=\"\" title=\"gestor-clientes\" class=\"img-responsive wp-image-1216\" srcset=\"https:\/\/www.empremedia.pt\/wp-content\/uploads\/2020\/11\/gestor-clientes-200x52.png 200w, https:\/\/www.empremedia.pt\/wp-content\/uploads\/2020\/11\/gestor-clientes-400x104.png 400w, https:\/\/www.empremedia.pt\/wp-content\/uploads\/2020\/11\/gestor-clientes-600x156.png 600w, https:\/\/www.empremedia.pt\/wp-content\/uploads\/2020\/11\/gestor-clientes.png 767w\" sizes=\"(max-width: 800px) 100vw, 767px\" \/><\/span><\/div><div class=\"fusion-sep-clear\"><\/div><div class=\"fusion-separator fusion-full-width-sep sep-none\" style=\"margin-left: auto;margin-right: auto;margin-top:;margin-bottom:30px;\"><\/div><div class=\"fusion-text\"><p style=\"font-weight: 400; text-align: left;\">Pretendemos recrutar um\u00a0<strong>Gestor de Clientes para a Emprem\u00e9dia<\/strong>, Corretor de Seguros do Grupo Navigator, em Lisboa, que ter\u00e1 a miss\u00e3o de acompanhar e desenvolver uma carteira de seguros de clientes, atrav\u00e9s da identifica\u00e7\u00e3o das suas necessidades, da elabora\u00e7\u00e3o de propostas de produtos ou coberturas de risco adequados e do acompanhamento das situa\u00e7\u00f5es de sinistro de forma personalizada.<\/p>\n<p><strong>GESTOR DE CLIENTES<\/strong><br \/>\n<strong>(M\/F)<\/strong><br \/>\n<strong>Lisboa<\/strong><\/p>\n<p><strong>Principais Responsabilidades:<\/strong><\/p>\n<ul>\n<li>Acompanhar a gest\u00e3o e desenvolvimento de uma carteira de seguros, atrav\u00e9s da identifica\u00e7\u00e3o dos riscos e avalia\u00e7\u00e3o das\u00a0 necessidades dos clientes;<\/li>\n<li>Proceder a consultas ao mercado segurador e efectuar a negocia\u00e7\u00e3o de propostas;<\/li>\n<li>Preparar e apresentar os processos de coloca\u00e7\u00e3o \/ renova\u00e7\u00e3o dos programas de seguros;<\/li>\n<li>Efectuar reuni\u00f5es peri\u00f3dicas com clientes para acompanhamento da carteira e promo\u00e7\u00e3o de novos produtos ou coberturas, visando a respectiva fideliza\u00e7\u00e3o;<\/li>\n<li>Apoiar na gest\u00e3o de sinistros na articula\u00e7\u00e3o entre as seguradoras, peritos\u00a0 e clientes;<\/li>\n<li>Realizar as demais ac\u00e7\u00f5es inerentes \u00e0 gest\u00e3o de uma carteira de seguros, de acordo com os n\u00edveis de servi\u00e7o acordados.<\/li>\n<\/ul>\n<p><strong>Perfil e Compet\u00eancias Cr\u00edticas:<\/strong><\/p>\n<ul>\n<li>Licenciatura em Gest\u00e3o, Economia, Engenharia ou Direito;<\/li>\n<li>Conhecimentos s\u00f3lidos de produtos, servi\u00e7os e opera\u00e7\u00f5es de seguros;<\/li>\n<li>Experi\u00eancia m\u00ednima de 3 anos no mercado de seguros e acompanhamento de carteira de clientes;<\/li>\n<li>Dom\u00ednio de MS Office (Excel, Powerpoint e Word);<\/li>\n<li>Flu\u00eancia em Ingl\u00eas, falado e escrito;<\/li>\n<li>Forte orienta\u00e7\u00e3o para cliente e bom relacionamento interpessoal;<\/li>\n<li>Forte orienta\u00e7\u00e3o para resultados;<\/li>\n<li>Facilidade de comunica\u00e7\u00e3o e express\u00e3o (oral e escrita);<\/li>\n<li>Boa capacidade de organiza\u00e7\u00e3o e defini\u00e7\u00e3o de prioridades;<\/li>\n<li>Facilidade de aprendizagem.<\/li>\n<\/ul>\n<p style=\"font-weight: 400;\"><strong>Oferecemos:<\/strong><\/p>\n<ul style=\"font-weight: 400;\">\n<li>Integra\u00e7\u00e3o em grupo econ\u00f3mico de projec\u00e7\u00e3o internacional e pacote remunerativo compat\u00edvel com a<\/li>\n<li>experi\u00eancia demonstrada.<\/li>\n<li>Forma\u00e7\u00e3o t\u00e9cnica e perspectiva de progress\u00e3o.<\/li>\n<\/ul>\n<p style=\"font-weight: 400;\">As candidaturas devem ser formalizadas at\u00e9 ao dia 30\/11\/2020, clicando e preenchendo o formul\u00e1rio em &#8220;<strong>Efectuar Candidatura Agora<\/strong>&#8220;<\/p>\n<p style=\"font-weight: 400;\">atrav\u00e9s do link:\u00a0<a href=\"https:\/\/bit.ly\/3naLkNu\" data-saferedirecturl=\"https:\/\/www.google.com\/url?q=https:\/\/bit.ly\/3naLkNu&amp;source=gmail&amp;ust=1605776442619000&amp;usg=AFQjCNFJ6_T4oIHzc_KB2UuUx1rZovQU0g\"><strong>https:\/\/bit.ly\/3naLkNu<\/strong><\/a><\/p>\n<p style=\"font-weight: 400;\">Caso n\u00e3o receba resposta no prazo de 30 dias, a sua candidatura, ainda que recepcionada, n\u00e3o foi considerada.<\/p>\n<\/div><div class=\"fusion-clearfix\"><\/div>\n\n\t\t\t\t\t<\/div>\n\t\t\t\t<\/div><\/div><\/div>\n","protected":false},"excerpt":{"rendered":"","protected":false},"author":2,"featured_media":1221,"comment_status":"closed","ping_status":"closed","sticky":false,"template":"","format":"standard","meta":[],"categories":[1],"tags":[],"_links":{"self":[{"href":"https:\/\/www.empremedia.pt\/index.php?rest_route=\/wp\/v2\/posts\/1214"}],"collection":[{"href":"https:\/\/www.empremedia.pt\/index.php?rest_route=\/wp\/v2\/posts"}],"about":[{"href":"https:\/\/www.empremedia.pt\/index.php?rest_route=\/wp\/v2\/types\/post"}],"author":[{"embeddable":true,"href":"https:\/\/www.empremedia.pt\/index.php?rest_route=\/wp\/v2\/users\/2"}],"replies":[{"embeddable":true,"href":"https:\/\/www.empremedia.pt\/index.php?rest_route=%2Fwp%2Fv2%2Fcomments&post=1214"}],"version-history":[{"count":0,"href":"https:\/\/www.empremedia.pt\/index.php?rest_route=\/wp\/v2\/posts\/1214\/revisions"}],"wp:featuredmedia":[{"embeddable":true,"href":"https:\/\/www.empremedia.pt\/index.php?rest_route=\/wp\/v2\/media\/1221"}],"wp:attachment":[{"href":"https:\/\/www.empremedia.pt\/index.php?rest_route=%2Fwp%2Fv2%2Fmedia&parent=1214"}],"wp:term":[{"taxonomy":"category","embeddable":true,"href":"https:\/\/www.empremedia.pt\/index.php?rest_route=%2Fwp%2Fv2%2Fcategories&post=1214"},{"taxonomy":"post_tag","embeddable":true,"href":"https:\/\/www.empremedia.pt\/index.php?rest_route=%2Fwp%2Fv2%2Ftags&post=1214"}],"curies":[{"name":"wp","href":"https:\/\/api.w.org\/{rel}","templated":true}]}}