{"id":1194,"date":"2020-10-14T09:09:47","date_gmt":"2020-10-14T09:09:47","guid":{"rendered":"http:\/\/localhost\/?p=1194"},"modified":"2021-10-06T13:28:28","modified_gmt":"2021-10-06T13:28:28","slug":"empremedia-reconhecida-com-certificacao-iso-90012015-sistema-de-gestao-da-qualidade","status":"publish","type":"post","link":"https:\/\/www.empremedia.pt\/?p=1194","title":{"rendered":"Emprem\u00e9dia reconhecida com Certifica\u00e7\u00e3o ISO 9001:2015 \u2013 Sistema de Gest\u00e3o da Qualidade"},"content":{"rendered":"<div class=\"fusion-fullwidth fullwidth-box nonhundred-percent-fullwidth non-hundred-percent-height-scrolling\"  style='background-color: rgba(255,255,255,0);background-position: center center;background-repeat: no-repeat;padding-top:0px;padding-right:0px;padding-bottom:0px;padding-left:0px;'><div class=\"fusion-builder-row fusion-row \"><div  class=\"fusion-layout-column fusion_builder_column fusion_builder_column_1_1  fusion-one-full fusion-column-first fusion-column-last 1_1\"  style='margin-top:0px;margin-bottom:0px;'>\n\t\t\t\t\t<div class=\"fusion-column-wrapper\" style=\"padding: 0px 0px 0px 0px;background-position:left top;background-repeat:no-repeat;-webkit-background-size:cover;-moz-background-size:cover;-o-background-size:cover;background-size:cover;\"  data-bg-url=\"\">\n\t\t\t\t\t\t<div class=\"imageframe-align-center\"><span class=\"fusion-imageframe imageframe-none imageframe-1 hover-type-none\"><img loading=\"lazy\" src=\"https:\/\/www.empremedia.pt\/wp-content\/uploads\/2020\/10\/iso-empremedia.jpg\" width=\"767\" height=\"200\" alt=\"\" title=\"iso-empremedia\" class=\"img-responsive wp-image-1195\" srcset=\"https:\/\/www.empremedia.pt\/wp-content\/uploads\/2020\/10\/iso-empremedia-200x52.jpg 200w, https:\/\/www.empremedia.pt\/wp-content\/uploads\/2020\/10\/iso-empremedia-400x104.jpg 400w, https:\/\/www.empremedia.pt\/wp-content\/uploads\/2020\/10\/iso-empremedia-600x156.jpg 600w, https:\/\/www.empremedia.pt\/wp-content\/uploads\/2020\/10\/iso-empremedia.jpg 767w\" sizes=\"(max-width: 800px) 100vw, 767px\" \/><\/span><\/div><div class=\"fusion-sep-clear\"><\/div><div class=\"fusion-separator fusion-full-width-sep sep-none\" style=\"margin-left: auto;margin-right: auto;margin-top:;margin-bottom:30px;\"><\/div><div class=\"fusion-text\"><p>\u00c9 com grande satisfa\u00e7\u00e3o que a Emprem\u00e9dia comunica que concretizou um dos seus objectivos para 2020, tendo obtido a certifica\u00e7\u00e3o do seu Sistema de Gest\u00e3o da Qualidade de acordo com a Norma ISO 9001:2015. Esta distin\u00e7\u00e3o foi atribu\u00edda pela SGS, l\u00edder mundial de Certifica\u00e7\u00e3o.<\/p>\n<p><img loading=\"lazy\" class=\"aligncenter wp-image-1197 size-full\" src=\"https:\/\/www.empremedia.pt\/wp-content\/uploads\/2020\/10\/empre-iso.jpg\" alt=\"\" width=\"407\" height=\"138\" srcset=\"https:\/\/www.empremedia.pt\/wp-content\/uploads\/2020\/10\/empre-iso-200x68.jpg 200w, https:\/\/www.empremedia.pt\/wp-content\/uploads\/2020\/10\/empre-iso-300x102.jpg 300w, https:\/\/www.empremedia.pt\/wp-content\/uploads\/2020\/10\/empre-iso-400x136.jpg 400w, https:\/\/www.empremedia.pt\/wp-content\/uploads\/2020\/10\/empre-iso.jpg 407w\" sizes=\"(max-width: 407px) 100vw, 407px\" \/><\/p>\n<p><strong>O Sistema de Gest\u00e3o da Qualidade da Emprem\u00e9dia abrange as seguintes actividades da empresa: Gest\u00e3o e Consultoria de Riscos; Comercializa\u00e7\u00e3o de Seguros; Gest\u00e3o e Acompanhamento de Sinistros.<\/strong><\/p>\n<p>Na procura de uma gest\u00e3o personalizada e adaptada \u00e0s necessidades dos seus Clientes e ao mesmo tempo focando-se na melhoria cont\u00ednua, a Pol\u00edtica de Qualidade da Emprem\u00e9dia encontra-se assente num conjunto de pilares estrat\u00e9gicos:<\/p>\n<p><strong>Foco no Cliente<\/strong> \u2013 A Emprem\u00e9dia estuda, em parceria com o cliente, as suas reais necessidades de forma a aconselhar as solu\u00e7\u00f5es que melhor se lhe adequam;<\/p>\n<p><strong><em>Compliance<\/em><\/strong> \u2013 A Emprem\u00e9dia actua em cumprimento com todos os requisitos aplic\u00e1veis, sejam estes legais, regulamentares ou estatut\u00e1rios;<\/p>\n<p><strong>Rela\u00e7\u00f5es de Parceira com Seguradoras e outra Partes Interessadas<\/strong> \u2013 A Emprem\u00e9dia respeita os compromissos assumidos com todas as partes interessadas com o prop\u00f3sito de corresponder \u00e0s suas expectativas;<\/p>\n<p><strong>Melhoria<\/strong> \u2013 A Emprem\u00e9dia procura constantemente melhores metodologias, solu\u00e7\u00f5es e formas de trabalho, com recurso ao ciclo PDCA (Plan\/Do\/Check\/Act) como pilar de melhoria cont\u00ednua.<\/p>\n<p>Seguindo estas orienta\u00e7\u00f5es, a empresa criou um Sistema de Gest\u00e3o da Qualidade, mapeando todos os seus processos e interac\u00e7\u00f5es, definindo procedimentos e responsabilidades e criando uma gest\u00e3o clara de todos os passos da cadeia de neg\u00f3cio. Estes exerc\u00edcios possibilitaram desenvolver conhecimentos e compet\u00eancias nas \u00e1reas de gest\u00e3o por processos e o desenho e implementa\u00e7\u00e3o de melhores pr\u00e1ticas. O processo para esta conquista da norma internacional foi intensificado nos \u00faltimos nove meses e envolveu toda a equipa Emprem\u00e9dia.<\/p>\n<p>Para Alexandra Fernandes, Administradora Executiva da empresa,<\/p>\n<p>\u201cEsta certifica\u00e7\u00e3o reconhece a miss\u00e3o da Emprem\u00e9dia em prestar um servi\u00e7o de excel\u00eancia ao n\u00edvel da corretagem e consultoria de seguros, gerador de valor para o cliente atrav\u00e9s do desenho de solu\u00e7\u00f5es inovadoras que garantam uma adequada transfer\u00eancia e gest\u00e3o dos seus riscos, de acordo com princ\u00edpios de qualidade do servi\u00e7o e inova\u00e7\u00e3o.<\/p>\n<p>O resultado deste esfor\u00e7o deixa-nos orgulhosos, mas tamb\u00e9m conscientes da responsabilidade que implica e que existe sempre espa\u00e7o de melhoria. Esta n\u00e3o \u00e9 a meta de um caminho terminado, mas apenas uma etapa superada dum percurso que se quer cada vez maior e, por isso mesmo, se vai tornando mais exigente.<\/p>\n<p>Com mais este passo, a Emprem\u00e9dia quer dar continuidade a uma estrat\u00e9gia que desde sempre privilegiou a Qualidade dos servi\u00e7os. Trabalhamos diariamente na Emprem\u00e9dia para continuarmos a merecer a prefer\u00eancia dos nossos Clientes e aumentarmos a sua satisfa\u00e7\u00e3o.\u201d<\/p>\n<p>Para mais informa\u00e7\u00f5es sobre seguros, simula\u00e7\u00f5es e assist\u00eancia na contrata\u00e7\u00e3o, entrar em contacto atrav\u00e9s dos diferentes canais dispon\u00edveis:<\/p>\n<p><a href=\"mailto:geral@empremedia.pt\">geral@empremedia.pt<\/a><\/p>\n<p><a href=\"https:\/\/www.empremedia.pt\">https:\/\/www.empremedia.pt\/<\/a><\/p>\n<p>Rua de S. Jos\u00e9, n\u00ba 35 -2\u00baA | 1150-321 Lisboa<\/p>\n<p>Tel. +351 213 219 650<\/p>\n<\/div><div class=\"fusion-clearfix\"><\/div>\n\n\t\t\t\t\t<\/div>\n\t\t\t\t<\/div><\/div><\/div>\n","protected":false},"excerpt":{"rendered":"","protected":false},"author":2,"featured_media":1196,"comment_status":"closed","ping_status":"closed","sticky":false,"template":"","format":"standard","meta":[],"categories":[1],"tags":[],"_links":{"self":[{"href":"https:\/\/www.empremedia.pt\/index.php?rest_route=\/wp\/v2\/posts\/1194"}],"collection":[{"href":"https:\/\/www.empremedia.pt\/index.php?rest_route=\/wp\/v2\/posts"}],"about":[{"href":"https:\/\/www.empremedia.pt\/index.php?rest_route=\/wp\/v2\/types\/post"}],"author":[{"embeddable":true,"href":"https:\/\/www.empremedia.pt\/index.php?rest_route=\/wp\/v2\/users\/2"}],"replies":[{"embeddable":true,"href":"https:\/\/www.empremedia.pt\/index.php?rest_route=%2Fwp%2Fv2%2Fcomments&post=1194"}],"version-history":[{"count":0,"href":"https:\/\/www.empremedia.pt\/index.php?rest_route=\/wp\/v2\/posts\/1194\/revisions"}],"wp:featuredmedia":[{"embeddable":true,"href":"https:\/\/www.empremedia.pt\/index.php?rest_route=\/wp\/v2\/media\/1196"}],"wp:attachment":[{"href":"https:\/\/www.empremedia.pt\/index.php?rest_route=%2Fwp%2Fv2%2Fmedia&parent=1194"}],"wp:term":[{"taxonomy":"category","embeddable":true,"href":"https:\/\/www.empremedia.pt\/index.php?rest_route=%2Fwp%2Fv2%2Fcategories&post=1194"},{"taxonomy":"post_tag","embeddable":true,"href":"https:\/\/www.empremedia.pt\/index.php?rest_route=%2Fwp%2Fv2%2Ftags&post=1194"}],"curies":[{"name":"wp","href":"https:\/\/api.w.org\/{rel}","templated":true}]}}