{"id":1186,"date":"2020-10-08T17:04:57","date_gmt":"2020-10-08T17:04:57","guid":{"rendered":"http:\/\/localhost\/?p=1186"},"modified":"2021-11-18T19:29:08","modified_gmt":"2021-11-18T19:29:08","slug":"seguro-automovel-eliminacao-da-cor-verde-nas-cartas-verdes-e-respetivos-disticos","status":"publish","type":"post","link":"https:\/\/www.empremedia.pt\/?p=1186","title":{"rendered":"SEGURO AUTOM\u00d3VEL &#8211; ELIMINA\u00c7\u00c3O DA COR VERDE NAS \u00abCARTAS VERDES\u00bb E RESPETIVOS D\u00cdSTICOS"},"content":{"rendered":"<div class=\"fusion-fullwidth fullwidth-box nonhundred-percent-fullwidth non-hundred-percent-height-scrolling\"  style='background-color: rgba(255,255,255,0);background-position: center center;background-repeat: no-repeat;padding-top:0px;padding-right:0px;padding-bottom:0px;padding-left:0px;'><div class=\"fusion-builder-row fusion-row \"><div  class=\"fusion-layout-column fusion_builder_column fusion_builder_column_1_1  fusion-one-full fusion-column-first fusion-column-last 1_1\"  style='margin-top:0px;margin-bottom:0px;'>\n\t\t\t\t\t<div class=\"fusion-column-wrapper\" style=\"padding: 0px 0px 0px 0px;background-position:left top;background-repeat:no-repeat;-webkit-background-size:cover;-moz-background-size:cover;-o-background-size:cover;background-size:cover;\"  data-bg-url=\"\">\n\t\t\t\t\t\t<div class=\"imageframe-align-center\"><span class=\"fusion-imageframe imageframe-none imageframe-1 hover-type-none\"><img loading=\"lazy\" src=\"https:\/\/www.empremedia.pt\/wp-content\/uploads\/2020\/10\/20419.jpg\" width=\"3200\" height=\"2133\" alt=\"\" title=\"Young handsome man hugging a car in a car showroom\" class=\"img-responsive wp-image-1187\" srcset=\"https:\/\/www.empremedia.pt\/wp-content\/uploads\/2020\/10\/20419-200x133.jpg 200w, https:\/\/www.empremedia.pt\/wp-content\/uploads\/2020\/10\/20419-400x267.jpg 400w, https:\/\/www.empremedia.pt\/wp-content\/uploads\/2020\/10\/20419-600x400.jpg 600w, https:\/\/www.empremedia.pt\/wp-content\/uploads\/2020\/10\/20419-800x533.jpg 800w, https:\/\/www.empremedia.pt\/wp-content\/uploads\/2020\/10\/20419-1200x800.jpg 1200w, https:\/\/www.empremedia.pt\/wp-content\/uploads\/2020\/10\/20419.jpg 3200w\" sizes=\"(max-width: 800px) 100vw, 1200px\" \/><\/span><\/div><div class=\"fusion-sep-clear\"><\/div><div class=\"fusion-separator fusion-full-width-sep sep-none\" style=\"margin-left: auto;margin-right: auto;margin-top:;margin-bottom:30px;\"><\/div><div class=\"fusion-text\"><h2 style=\"font-weight: 400;\"><strong>Elimina\u00e7\u00e3o do D\u00edstico de Cor Verde no Seguro Autom\u00f3vel<\/strong><\/h2>\n<p style=\"font-weight: 400;\">No dia 08 de Outubro foi publicada a \u00a0<strong><a href=\"https:\/\/dre.pt\/application\/conteudo\/144880099\" data-saferedirecturl=\"https:\/\/www.google.com\/url?q=https:\/\/dre.pt\/application\/conteudo\/144880099&amp;source=gmail&amp;ust=1602252283984000&amp;usg=AFQjCNGP7QWnpkm4YDni9kOeoHr0Ibc7mg\">Portaria n.\u00ba 234\/2020<\/a><\/strong>, a qual estabelece as caracter\u00edsticas dos d\u00edsticos relativos ao contrato de seguro obrigat\u00f3rio e \u00e0 isen\u00e7\u00e3o da obriga\u00e7\u00e3o de seguro, previstos no\u00a0<a href=\"https:\/\/dre.pt\/web\/guest\/legislacao-consolidada\/-\/lc\/72930793\/202010081149\/exportPdf\/maximized\/1\/cacheLevelPage?rp=indice\" data-saferedirecturl=\"https:\/\/www.google.com\/url?q=https:\/\/dre.pt\/web\/guest\/legislacao-consolidada\/-\/lc\/72930793\/202010081149\/exportPdf\/maximized\/1\/cacheLevelPage?rp%3Dindice&amp;source=gmail&amp;ust=1602252283984000&amp;usg=AFQjCNHdsgqIGPDgXCkJYH51Wq0DbzGVQA\">Decreto-Lei n.\u00ba 291\/2007<\/a>, de 21 de agosto \u2013 que aprovou o regime jur\u00eddico do seguro obrigat\u00f3rio de responsabilidade civil autom\u00f3vel. Este diploma legal\u00a0<strong>elimina o requisito da cor verde em que deve ser emitido o d\u00edstico\/vinheta<\/strong>\u00a0que identifica a seguradora, o n\u00famero da ap\u00f3lice, a matr\u00edcula do ve\u00edculo e a validade do seguro.<\/p>\n<p style=\"font-weight: 400;\">At\u00e9 aquela data vigorava a\u00a0<a href=\"https:\/\/dre.pt\/application\/conteudo\/139744\" data-saferedirecturl=\"https:\/\/www.google.com\/url?q=https:\/\/dre.pt\/application\/conteudo\/139744&amp;source=gmail&amp;ust=1602252283984000&amp;usg=AFQjCNHc_cz-XQqZOTuUSVLkI2TiyxPEGQ\">Portaria n\u00ba56\/95<\/a>, de 25 de Janeiro \u2013 agora revogada \u2013, a qual, no seu artigo 4.\u00ba determinava que \u201cA vinheta relativa ao seguro obrigat\u00f3rio de responsabilidade civil autom\u00f3vel ser\u00e1 emitida pelas seguradoras e por elas entregue ao tomador do seguro juntamente, e apenas, com o certificado internacional de seguro (\u00abcarta verde\u00bb), devendo ser de cor verde (\u2026)\u201d..<\/p>\n<p style=\"font-weight: 400;\">Acresce, no entanto, que desde 01 de Julho de 2020, o Servi\u00e7o Nacional de Seguros Portugu\u00eas &#8211; \u00a0Gabinete Portugu\u00eas de Carta Verde &#8211; j\u00e1 tinha autorizado, as seguradoras a emitir o certificado internacional de seguro de responsabilidade civil autom\u00f3vel em papel branco, e j\u00e1 n\u00e3o de cor verde, facto que levou o legislador a considerar ser adequado actualizar a Portaria 56\/95, atrav\u00e9s da elimina\u00e7\u00e3o do requisito da cor em que deve ser emitido o d\u00edstico, levado agora a efeito, com in\u00edcio de produ\u00e7\u00e3o de efeitos a partir de 9\/10\/2020, atrav\u00e9s da referida Portaria n.\u00ba 234\/2020.<\/p>\n<p style=\"font-weight: 400;\">Na medida em que este requisito se encontra tamb\u00e9m estabelecido para os d\u00edsticos demonstrativos das isen\u00e7\u00f5es de seguro relativas ao Estado Portugu\u00eas, aos Estados estrangeiros e a organiza\u00e7\u00f5es internacionais de que o Estado Portugu\u00eas fa\u00e7a parte, justifica-se promover igual exerc\u00edcio de simplifica\u00e7\u00e3o. Por fim, e por refer\u00eancia \u00e0 portaria que se visa substituir, n\u00e3o s\u00e3o regulamentadas as caracter\u00edsticas relativas aos\u00a0<strong>d\u00edsticos comprovativos da certifica\u00e7\u00e3o da realiza\u00e7\u00e3o das inspec\u00e7\u00f5es peri\u00f3dicas<\/strong>\u00a0<strong>obrigat\u00f3rias<\/strong>, dado que\u00a0<strong>a regra legal que estabelecia a sua obrigatoriedade foi revogada<\/strong>.<\/p>\n<p style=\"font-weight: 400;\">Para mais informa\u00e7\u00f5es consulte aqui a\u00a0<a href=\"https:\/\/www.empremedia.pt\/wp-content\/uploads\/2020\/10\/Portaria-n\u00ba234_2020_Distico-Cor-Verde.pdf\"><u>Portaria n\u00ba234\/2020<\/u><\/a>.\u201d<\/p>\n<\/div><div class=\"fusion-clearfix\"><\/div>\n\n\t\t\t\t\t<\/div>\n\t\t\t\t<\/div><\/div><\/div>\n","protected":false},"excerpt":{"rendered":"","protected":false},"author":2,"featured_media":1190,"comment_status":"closed","ping_status":"closed","sticky":false,"template":"","format":"standard","meta":[],"categories":[1],"tags":[],"_links":{"self":[{"href":"https:\/\/www.empremedia.pt\/index.php?rest_route=\/wp\/v2\/posts\/1186"}],"collection":[{"href":"https:\/\/www.empremedia.pt\/index.php?rest_route=\/wp\/v2\/posts"}],"about":[{"href":"https:\/\/www.empremedia.pt\/index.php?rest_route=\/wp\/v2\/types\/post"}],"author":[{"embeddable":true,"href":"https:\/\/www.empremedia.pt\/index.php?rest_route=\/wp\/v2\/users\/2"}],"replies":[{"embeddable":true,"href":"https:\/\/www.empremedia.pt\/index.php?rest_route=%2Fwp%2Fv2%2Fcomments&post=1186"}],"version-history":[{"count":0,"href":"https:\/\/www.empremedia.pt\/index.php?rest_route=\/wp\/v2\/posts\/1186\/revisions"}],"wp:featuredmedia":[{"embeddable":true,"href":"https:\/\/www.empremedia.pt\/index.php?rest_route=\/wp\/v2\/media\/1190"}],"wp:attachment":[{"href":"https:\/\/www.empremedia.pt\/index.php?rest_route=%2Fwp%2Fv2%2Fmedia&parent=1186"}],"wp:term":[{"taxonomy":"category","embeddable":true,"href":"https:\/\/www.empremedia.pt\/index.php?rest_route=%2Fwp%2Fv2%2Fcategories&post=1186"},{"taxonomy":"post_tag","embeddable":true,"href":"https:\/\/www.empremedia.pt\/index.php?rest_route=%2Fwp%2Fv2%2Ftags&post=1186"}],"curies":[{"name":"wp","href":"https:\/\/api.w.org\/{rel}","templated":true}]}}