{"id":1020,"date":"2019-12-10T10:53:30","date_gmt":"2019-12-10T10:53:30","guid":{"rendered":"http:\/\/localhost\/?p=1020"},"modified":"2023-05-18T14:27:55","modified_gmt":"2023-05-18T14:27:55","slug":"planos-de-poupanca-e-reforma-ppr-crescem-mais-de-20-em-2019","status":"publish","type":"post","link":"https:\/\/www.empremedia.pt\/?p=1020","title":{"rendered":"PLANOS DE POUPAN\u00c7A E REFORMA (PPR) CRESCEM MAIS DE 20% EM 2019"},"content":{"rendered":"<div class=\"fusion-fullwidth fullwidth-box nonhundred-percent-fullwidth non-hundred-percent-height-scrolling\"  style='background-color: rgba(255,255,255,0);background-position: center center;background-repeat: no-repeat;padding-top:0px;padding-right:0px;padding-bottom:0px;padding-left:0px;'><div class=\"fusion-builder-row fusion-row \"><div  class=\"fusion-layout-column fusion_builder_column fusion_builder_column_1_1  fusion-one-full fusion-column-first fusion-column-last 1_1\"  style='margin-top:0px;margin-bottom:0px;'>\n\t\t\t\t\t<div class=\"fusion-column-wrapper\" style=\"padding: 0px 0px 0px 0px;background-position:left top;background-repeat:no-repeat;-webkit-background-size:cover;-moz-background-size:cover;-o-background-size:cover;background-size:cover;\"  data-bg-url=\"\">\n\t\t\t\t\t\t<div class=\"imageframe-align-center\"><span class=\"fusion-imageframe imageframe-none imageframe-1 hover-type-none\"><img loading=\"lazy\" src=\"https:\/\/www.empremedia.pt\/wp-content\/uploads\/2019\/12\/inversion.jpg\" width=\"992\" height=\"595\" alt=\"\" title=\"inversion\" class=\"img-responsive wp-image-1022\" srcset=\"https:\/\/www.empremedia.pt\/wp-content\/uploads\/2019\/12\/inversion-200x120.jpg 200w, https:\/\/www.empremedia.pt\/wp-content\/uploads\/2019\/12\/inversion-400x240.jpg 400w, https:\/\/www.empremedia.pt\/wp-content\/uploads\/2019\/12\/inversion-600x360.jpg 600w, https:\/\/www.empremedia.pt\/wp-content\/uploads\/2019\/12\/inversion-800x480.jpg 800w, https:\/\/www.empremedia.pt\/wp-content\/uploads\/2019\/12\/inversion.jpg 992w\" sizes=\"(max-width: 800px) 100vw, 992px\" \/><\/span><\/div><div class=\"fusion-sep-clear\"><\/div><div class=\"fusion-separator fusion-full-width-sep sep-none\" style=\"margin-left: auto;margin-right: auto;margin-top:;margin-bottom:30px;\"><\/div><div class=\"fusion-text\"><p><span style=\"font-size: 14px;\">Os Planos de Poupan\u00e7a Reforma (PPR) s\u00e3o importantes instrumentos financeiros que proporcionam um determinado retorno a quem decide investir nestes produtos, bastando para tal ao aforrador, realizar entregas periodicamente ou optar pela entrega de um valor \u00fanico, a uma Companhia de Seguros ou outra entidade habilitada para a gest\u00e3o destes fundos.<\/span><\/p>\n<p><span style=\"font-size: 14px;\">Segundo dados recentes da Autoridade para a Supervis\u00e3o de Fundos e Pens\u00f5es (ASF), a <strong>rentabilidade deste tipo de investimento foi de 2,18% em 2018<\/strong>, representando um incremento relativamente a 2017 e apresentando valores 12 vezes superiores ao de outros tipo de investimento como os dep\u00f3sitos a prazo.<\/span><\/p>\n<p><span style=\"font-size: 14px;\">O potencial e retorno dos Planos de Poupan\u00e7a e Reforma s\u00e3o evidentes e os portugueses s\u00e3o cada vez mais adeptos deste tipo de investimentos. Tal facto \u00e9 tamb\u00e9m comprovado segundo n\u00fameros da ASF, que revela que apesar da reduzida taxa de poupan\u00e7a registada nos \u00faltimos anos, os portugueses cada vez mais investem nos PPR tendo-se registado um incremento de 21% nestes investimentos, quando comparado com per\u00edodo hom\u00f3logo.<\/span><\/p>\n<p><span style=\"font-size: 14px;\">Segundo Paulo Silva, diretor de Desenvolvimento Comercial da Pr\u00e9voir e em declara\u00e7\u00f5es ao jornal Vida Econ\u00f3mica, \u201c<strong>os PPR continuam a ser um produto popular entre os portugueses e adaptado \u00e0 realidade da maioria das fam\u00edlias<\/strong>. A reduzida natalidade aliada ao envelhecimento geral da popula\u00e7\u00e3o portuguesa fragiliza o sistema social em Portugal. Por este motivo, os portugueses est\u00e3o cada vez mais sensibilizados para a import\u00e2ncia de preparar a sua reforma. Quanto mais cedo pouparem melhor, e os PPR na forma de seguro s\u00e3o uma boa alternativa\u201d.<\/span><\/p>\n<p><span style=\"font-size: 14px;\">Quer descobrir qual o Plano de Poupan\u00e7a e Reforma (PPR) mais adequado para si e de que modo a Emprem\u00e9dia o pode aconselhar? Saiba como contactar-nos atrav\u00e9s da seguinte <a href=\"https:\/\/www.empremedia.pt\/?page_id=235\"><u>p\u00e1gina<\/u><\/a>.<\/span><\/p>\n<\/div><div class=\"fusion-clearfix\"><\/div>\n\n\t\t\t\t\t<\/div>\n\t\t\t\t<\/div><\/div><\/div>\n","protected":false},"excerpt":{"rendered":"","protected":false},"author":2,"featured_media":1021,"comment_status":"closed","ping_status":"closed","sticky":false,"template":"","format":"standard","meta":[],"categories":[22,12],"tags":[],"_links":{"self":[{"href":"https:\/\/www.empremedia.pt\/index.php?rest_route=\/wp\/v2\/posts\/1020"}],"collection":[{"href":"https:\/\/www.empremedia.pt\/index.php?rest_route=\/wp\/v2\/posts"}],"about":[{"href":"https:\/\/www.empremedia.pt\/index.php?rest_route=\/wp\/v2\/types\/post"}],"author":[{"embeddable":true,"href":"https:\/\/www.empremedia.pt\/index.php?rest_route=\/wp\/v2\/users\/2"}],"replies":[{"embeddable":true,"href":"https:\/\/www.empremedia.pt\/index.php?rest_route=%2Fwp%2Fv2%2Fcomments&post=1020"}],"version-history":[{"count":1,"href":"https:\/\/www.empremedia.pt\/index.php?rest_route=\/wp\/v2\/posts\/1020\/revisions"}],"predecessor-version":[{"id":2021,"href":"https:\/\/www.empremedia.pt\/index.php?rest_route=\/wp\/v2\/posts\/1020\/revisions\/2021"}],"wp:featuredmedia":[{"embeddable":true,"href":"https:\/\/www.empremedia.pt\/index.php?rest_route=\/wp\/v2\/media\/1021"}],"wp:attachment":[{"href":"https:\/\/www.empremedia.pt\/index.php?rest_route=%2Fwp%2Fv2%2Fmedia&parent=1020"}],"wp:term":[{"taxonomy":"category","embeddable":true,"href":"https:\/\/www.empremedia.pt\/index.php?rest_route=%2Fwp%2Fv2%2Fcategories&post=1020"},{"taxonomy":"post_tag","embeddable":true,"href":"https:\/\/www.empremedia.pt\/index.php?rest_route=%2Fwp%2Fv2%2Ftags&post=1020"}],"curies":[{"name":"wp","href":"https:\/\/api.w.org\/{rel}","templated":true}]}}